{"id":305,"date":"2024-12-02T21:34:48","date_gmt":"2024-12-02T21:34:48","guid":{"rendered":"http:\/\/generatorsztuki.pl\/?p=305"},"modified":"2024-12-02T21:34:48","modified_gmt":"2024-12-02T21:34:48","slug":"blizej-muzyki-2","status":"publish","type":"post","link":"https:\/\/generatorsztuki.pl\/index.php\/2024\/12\/02\/blizej-muzyki-2\/","title":{"rendered":"Bli\u017cej Muzyki"},"content":{"rendered":"\n<p>Ju\u017c 8 grudnia w Klubie Delta Miejskiego O\u015brodka Kultury odb\u0119dzie si\u0119 koncert <\/p>\n\n\n\n<p>Bli\u017cej Muzyki&#8221;, kt\u00f3ry realizujemy w ramach programu <a href=\"https:\/\/www.facebook.com\/szczecin.eu?__cft__[0]=AZXtLIGdr4abPny6VMUIVXvWuosg9e80zwGCpx_LCaWo_AImAj95VYq74PevRD5D7kaAFkVFWlunt5yroSmrBEiD50nCNcfZo1sGvabHqt7TK2-uieydoCOEwCQlJG3oIi6tKGfipswbIkhYujqQ-2efp5rsP6mbTGNL2NIPLLfetUcXiH2HSQCipXl2F-TQut4&amp;__tn__=-]K-R\">Szczecin Floating Garden<\/a> &#8211; &#8222;Partnerstwo dla Kultury&#8221;.<\/p>\n\n\n\n<p>Tym razem koncert odb\u0119dzie si\u0119 <a href=\"https:\/\/www.facebook.com\/@klubdelta\/?__cft__[0]=AZXtLIGdr4abPny6VMUIVXvWuosg9e80zwGCpx_LCaWo_AImAj95VYq74PevRD5D7kaAFkVFWlunt5yroSmrBEiD50nCNcfZo1sGvabHqt7TK2-uieydoCOEwCQlJG3oIi6tKGfipswbIkhYujqQ-2efp5rsP6mbTGNL2NIPLLfetUcXiH2HSQCipXl2F-TQut4&amp;__tn__=-]K-R\">Klub Delta &#8211; filia Miejskiego O\u015brodka Kultury w Szczecinie<\/a>. Piosenki za\u015bpiewaj\u0105 <a><\/a>wokali\u015bci przygotowani przez Jolant\u0119 Szczepaniak a zagraj\u0105 im wspaniali muzycy Szczeci\u0144skiego Kolektywu Jazzowego wraz ze znakomitym kwartetem smyczkowym.<\/p>\n\n\n\n<p>Pojawi\u0142y si\u0119 ju\u017c darmowe wej\u015bci\u00f3wki, kt\u00f3re mo\u017cecie pobra\u0107 na <a href=\"https:\/\/l.facebook.com\/l.php?u=http%3A%2F%2Fbiletera.pl%2F%3Ffbclid%3DIwZXh0bgNhZW0CMTAAAR1wsdGzgrj7LviBLrpu0Rb8j00HMy9vZVlGj1m4yJ86munIeizE8lRZvek_aem_34LGTQrfJwyTKzZewx8ynA&amp;h=AT1_LX-1llT0ysco2y0us834_PAYfiA5OpyQSBjvogkKkyluZTXNGGodmNSgkYj_9R6drKLjeYlzcYRqLSuO-BMkoEsKxYTcx07iSr_16V_eyFUKI2fR5uSR5Qu4tTc73OtAp0OIGw&amp;__tn__=-UK-R&amp;c[0]=AT2tCV1t5sxhTL6tZ6DDlUfNoqax2QXQJu4TSUAQjnKKOJY90vULbLdK1bY8nBeitODvf02aQJwAwdUD0fP0iyetoOMMqy1xdIt78ACVzLdJPmbRCSgx4cdy2yfoEj4gYP_cIrFnD_tFgb-DTy0JMhWOJyfY33yhcJQ2TvkUHcUxE3Elmg83_cm4qR1pC63mRvb8gSg4mrwvPAztfurqB5QFVw\" rel=\"noreferrer noopener\" target=\"_blank\">biletera.pl.<\/a><\/p>\n\n\n\n<p>Do zobaczenia<\/p>\n","protected":false},"excerpt":{"rendered":"<p>Ju\u017c 8 grudnia w Klubie Delta Miejskiego O\u015brodka Kultury odb\u0119dzie si\u0119 koncert Bli\u017cej Muzyki&#8221;, kt\u00f3ry realizujemy w ramach programu Szczecin Floating Garden &#8211; &#8222;Partnerstwo dla Kultury&#8221;. Tym razem koncert&#8230;<\/p>\n","protected":false},"author":1,"featured_media":306,"comment_status":"open","ping_status":"open","sticky":false,"template":"","format":"standard","meta":{"footnotes":""},"categories":[7],"tags":[],"class_list":["post-305","post","type-post","status-publish","format-standard","has-post-thumbnail","hentry","category-wydarzenia"],"_links":{"self":[{"href":"https:\/\/generatorsztuki.pl\/index.php\/wp-json\/wp\/v2\/posts\/305","targetHints":{"allow":["GET"]}}],"collection":[{"href":"https:\/\/generatorsztuki.pl\/index.php\/wp-json\/wp\/v2\/posts"}],"about":[{"href":"https:\/\/generatorsztuki.pl\/index.php\/wp-json\/wp\/v2\/types\/post"}],"author":[{"embeddable":true,"href":"https:\/\/generatorsztuki.pl\/index.php\/wp-json\/wp\/v2\/users\/1"}],"replies":[{"embeddable":true,"href":"https:\/\/generatorsztuki.pl\/index.php\/wp-json\/wp\/v2\/comments?post=305"}],"version-history":[{"count":1,"href":"https:\/\/generatorsztuki.pl\/index.php\/wp-json\/wp\/v2\/posts\/305\/revisions"}],"predecessor-version":[{"id":307,"href":"https:\/\/generatorsztuki.pl\/index.php\/wp-json\/wp\/v2\/posts\/305\/revisions\/307"}],"wp:featuredmedia":[{"embeddable":true,"href":"https:\/\/generatorsztuki.pl\/index.php\/wp-json\/wp\/v2\/media\/306"}],"wp:attachment":[{"href":"https:\/\/generatorsztuki.pl\/index.php\/wp-json\/wp\/v2\/media?parent=305"}],"wp:term":[{"taxonomy":"category","embeddable":true,"href":"https:\/\/generatorsztuki.pl\/index.php\/wp-json\/wp\/v2\/categories?post=305"},{"taxonomy":"post_tag","embeddable":true,"href":"https:\/\/generatorsztuki.pl\/index.php\/wp-json\/wp\/v2\/tags?post=305"}],"curies":[{"name":"wp","href":"https:\/\/api.w.org\/{rel}","templated":true}]}}